{"id":50857,"date":"2023-10-19T17:28:22","date_gmt":"2023-10-19T20:28:22","guid":{"rendered":"https:\/\/galerialeme.com\/nao-categorizado\/rebeca-carapia-participa-de-duas-exposicoes-em-inhotim\/"},"modified":"2023-11-19T17:37:33","modified_gmt":"2023-11-19T17:37:33","slug":"rebeca-carapia-participates-in-two-exhibitions-in-inhotim","status":"publish","type":"post","link":"https:\/\/galerialeme.com\/en\/exposicoes-en\/rebeca-carapia-participates-in-two-exhibitions-in-inhotim\/","title":{"rendered":"REBECA CARAPI\u00c1 PARTICIPATES IN TWO EXHIBITIONS IN INHOTIM"},"content":{"rendered":"<p>The artist\u00a0<a href=\"https:\/\/galerialeme.com\/artist\/rebeca-carapia\/\">Rebeca Carapi\u00e1<\/a>\u00a0is participating in the exhibitions\u00a0<a href=\"https:\/\/www.inhotim.org.br\/eventos\/fazer-o-moderno-construir-o-contemporaneo-rubem-valentim\/\"><em>\u201c\u200b\u200bFazer o moderno, construir o contempor\u00e2neo: Rubem Valentim\u201d<\/em><\/a>\u00a0and\u00a0<em><a href=\"https:\/\/www.inhotim.org.br\/eventos\/direito-a-forma\/\">\u201cDireito \u00e0 forma\u201d<\/a><\/em>, both at Inhotim. These exhibitions are part of the Abdias Nascimento Program and the Museu de Arte Negra and will be on display until next year. Featuring a diverse range of artists and techniques, both exhibitions present different possibilities of the Black presence in the field of art and are curated jointly by Igor Sim\u00f5es, a guest curator, and the institute\u2019s curatorial team, including Lucas Menezes and Deri Andrade, assistant curators at Inhotim.<\/p>\n<p><img alt=\"\" loading=\"lazy\" decoding=\"async\" class=\"alignnone wp-image-50846 size-full\" src=\"https:\/\/galerialeme.com\/wp-content\/uploads\/2023\/11\/mg_3922-copy-1-1024x897-1.jpg\" alt=\"\" width=\"1024\" height=\"897\" srcset=\"https:\/\/galerialeme.com\/wp-content\/uploads\/2023\/11\/mg_3922-copy-1-1024x897-1.jpg 1024w, https:\/\/galerialeme.com\/wp-content\/uploads\/2023\/11\/mg_3922-copy-1-1024x897-1-300x263.jpg 300w, https:\/\/galerialeme.com\/wp-content\/uploads\/2023\/11\/mg_3922-copy-1-1024x897-1-768x673.jpg 768w, https:\/\/galerialeme.com\/wp-content\/uploads\/2023\/11\/mg_3922-copy-1-1024x897-1-250x219.jpg 250w\" sizes=\"auto, (max-width: 1024px) 100vw, 1024px\" \/><\/p>\n<p>In \u201cFazer o moderno, construir o contempor\u00e2neo: Rubem Valentim,\u201d Carapi\u00e1 participates with the series of sculptures \u201cTopografias da mar\u00e9 soterrada.\u201d Informed by racial and environmental conflicts in the Pen\u00ednsula Itapagipe, Cidade Baixa, Salvador, her twisted iron sculptures take on the topographical design of the territory.<\/p>\n<p>\u201cIn this exercise of radical imagination in which I intend to provoke a discussion about environmental racism, I have found a dialogue in the materials that have inhabited this territory in the past and present, especially iron and copper that have been a part of my journey since childhood when my siblings and I used to collect scraps of copper wires and plates from the streets to sell,\u201d comments the artist.<\/p>\n<p>In\u00a0<em>\u201cDireito \u00e0 Forma\u201d<\/em>, the artist exhibits the installation \u201c<em>Corpo El\u00e9trico 01: Raiva, suor e sal<\/em>\u201c, displayed for the first time at the\u00a0<a href=\"https:\/\/frestas.sescsp.org.br\/\">3\u00aa Frestas \u2013 Trienal de Artes do Sesc Sorocaba<\/a>\u00a0in 2021. Comprising 30 sculptures made of solid copper on iron bases, Rebeca works with the materiality of metal. Considering copper as a conductor of energy, the artist proposes an invisible and spiritual dialogue between the artwork and the bodies that experience it: \u201chere, a space of attraction and repulsion is created, where you can leave something and also receive something. Copper has the ability to electrify, induce, and enable change and movement,\u201d highlights the artist.<\/p>\n<p><iframe loading=\"lazy\" title=\"rebeca carapi\u00e1 | campo el\u00e9trico 01: raiva, sal, sa\u00fade e tempo\" src=\"https:\/\/player.vimeo.com\/video\/626046699?dnt=1&amp;app_id=122963\" width=\"640\" height=\"362\" frameborder=\"0\" allow=\"autoplay; fullscreen; picture-in-picture; clipboard-write\"><\/iframe><\/p>\n<p><strong>INFORMATION<\/strong><\/p>\n<p><em>Fazer o moderno, construir o contempor\u00e2neo: Rubem Valentim<\/em>, at Galeria Lago (eixo rosa) Dates: 23 September, 2023 until September, 2024<\/p>\n<p><em>Direito \u00e0 forma<\/em>, na Galeria Fonte (eixo amarelo) Data: 23 September, 2023 until March, 2024<\/p>\n<p>More information, access: https:\/\/www.inhotim.org.br\/<\/p>\n","protected":false},"excerpt":{"rendered":"<p>The artist\u00a0Rebeca Carapi\u00e1\u00a0is participating in the exhibitions\u00a0\u201c\u200b\u200bFazer o moderno, construir o contempor\u00e2neo: Rubem Valentim\u201d\u00a0and\u00a0\u201cDireito \u00e0 forma\u201d, both at Inhotim. These exhibitions are part of the Abdias Nascimento Program and the Museu de Arte Negra and will be on display until next year. Featuring a diverse range of artists and techniques, both exhibitions present different possibilities [&hellip;]<\/p>\n","protected":false},"author":2,"featured_media":50847,"comment_status":"open","ping_status":"open","sticky":false,"template":"","format":"standard","meta":{"_acf_changed":false,"_seopress_robots_primary_cat":"","_seopress_titles_title":"","_seopress_titles_desc":"","_seopress_robots_index":"","_uag_custom_page_level_css":"","footnotes":""},"categories":[44],"tags":[],"class_list":["post-50857","post","type-post","status-publish","format-standard","has-post-thumbnail","hentry","category-exposicoes-en"],"acf":[],"spectra_custom_meta":{"_pingme":["1"],"_encloseme":["1"],"_wpml_word_count":["{\"total\":362,\"to_translate\":{\"en\":362}}"],"_wpml_media_featured":["1"],"_wpml_media_duplicate":["1"],"_oembed_e8875d73b9dc780944eaec1cb2390370":["<iframe title=\"rebeca carapi\u00e1 | campo el\u00e9trico 01: raiva, sal, sa\u00fade e tempo\" src=\"https:\/\/player.vimeo.com\/video\/626046699?dnt=1&amp;app_id=122963\" width=\"640\" height=\"362\" frameborder=\"0\" allow=\"autoplay; fullscreen; picture-in-picture\"><\/iframe>"],"_oembed_time_e8875d73b9dc780944eaec1cb2390370":["1700414980"],"_wp_old_date":["2023-11-19"],"_thumbnail_id":["50847"],"_edit_lock":["1700415324:2"],"_edit_last":["2"],"_wp_old_slug":["rebeca-carapia-participa-de-duas-exposicoes-em-inhotim"],"_last_translation_edit_mode":["native-editor"],"_oembed_866a4a8ed96637a5ee081b73aa13b47b":["<iframe title=\"rebeca carapi\u00e1 | campo el\u00e9trico 01: raiva, sal, sa\u00fade e tempo\" src=\"https:\/\/player.vimeo.com\/video\/626046699?dnt=1&amp;app_id=122963\" width=\"640\" height=\"362\" frameborder=\"0\" allow=\"autoplay; fullscreen; picture-in-picture; clipboard-write\"><\/iframe>"],"_oembed_time_866a4a8ed96637a5ee081b73aa13b47b":["1712090087"],"_uag_css_file_name":["uag-css-50857.css"],"_uag_page_assets":["a:9:{s:3:\"css\";s:260:\".uag-blocks-common-selector{z-index:var(--z-index-desktop) !important}@media(max-width: 976px){.uag-blocks-common-selector{z-index:var(--z-index-tablet) !important}}@media(max-width: 767px){.uag-blocks-common-selector{z-index:var(--z-index-mobile) !important}}\";s:2:\"js\";s:0:\"\";s:18:\"current_block_list\";a:7:{i:0;s:11:\"core\/search\";i:1;s:10:\"core\/group\";i:2;s:12:\"core\/heading\";i:3;s:17:\"core\/latest-posts\";i:4;s:20:\"core\/latest-comments\";i:5;s:13:\"core\/archives\";i:6;s:15:\"core\/categories\";}s:8:\"uag_flag\";b:0;s:11:\"uag_version\";s:10:\"1777403099\";s:6:\"gfonts\";a:0:{}s:10:\"gfonts_url\";s:0:\"\";s:12:\"gfonts_files\";a:0:{}s:14:\"uag_faq_layout\";b:0;}"],"_seopress_search_console_analysis_clicks":["0"],"_seopress_search_console_analysis_ctr":["0"],"_seopress_search_console_analysis_impressions":["9"],"_seopress_search_console_analysis_position":["10.222222222222"]},"uagb_featured_image_src":{"full":["https:\/\/galerialeme.com\/wp-content\/uploads\/2023\/11\/mg_3922-copy-1-1024x897-1.jpg",1024,897,false],"thumbnail":["https:\/\/galerialeme.com\/wp-content\/uploads\/2023\/11\/mg_3922-copy-1-1024x897-1-150x150.jpg",150,150,true],"medium":["https:\/\/galerialeme.com\/wp-content\/uploads\/2023\/11\/mg_3922-copy-1-1024x897-1-300x263.jpg",300,263,true],"medium_large":["https:\/\/galerialeme.com\/wp-content\/uploads\/2023\/11\/mg_3922-copy-1-1024x897-1-768x673.jpg",640,561,true],"large":["https:\/\/galerialeme.com\/wp-content\/uploads\/2023\/11\/mg_3922-copy-1-1024x897-1.jpg",640,561,false],"1536x1536":["https:\/\/galerialeme.com\/wp-content\/uploads\/2023\/11\/mg_3922-copy-1-1024x897-1.jpg",1024,897,false],"2048x2048":["https:\/\/galerialeme.com\/wp-content\/uploads\/2023\/11\/mg_3922-copy-1-1024x897-1.jpg",1024,897,false]},"uagb_author_info":{"display_name":"Cheyenne","author_link":"https:\/\/galerialeme.com\/en\/author\/cheyenne\/"},"uagb_comment_info":0,"uagb_excerpt":"The artist\u00a0Rebeca Carapi\u00e1\u00a0is participating in the exhibitions\u00a0\u201c\u200b\u200bFazer o moderno, construir o contempor\u00e2neo: Rubem Valentim\u201d\u00a0and\u00a0\u201cDireito \u00e0 forma\u201d, both at Inhotim. These exhibitions are part of the Abdias Nascimento Program and the Museu de Arte Negra and will be on display until next year. Featuring a diverse range of artists and techniques, both exhibitions present different possibilities&hellip;","_links":{"self":[{"href":"https:\/\/galerialeme.com\/en\/wp-json\/wp\/v2\/posts\/50857","targetHints":{"allow":["GET"]}}],"collection":[{"href":"https:\/\/galerialeme.com\/en\/wp-json\/wp\/v2\/posts"}],"about":[{"href":"https:\/\/galerialeme.com\/en\/wp-json\/wp\/v2\/types\/post"}],"author":[{"embeddable":true,"href":"https:\/\/galerialeme.com\/en\/wp-json\/wp\/v2\/users\/2"}],"replies":[{"embeddable":true,"href":"https:\/\/galerialeme.com\/en\/wp-json\/wp\/v2\/comments?post=50857"}],"version-history":[{"count":0,"href":"https:\/\/galerialeme.com\/en\/wp-json\/wp\/v2\/posts\/50857\/revisions"}],"wp:featuredmedia":[{"embeddable":true,"href":"https:\/\/galerialeme.com\/en\/wp-json\/wp\/v2\/media\/50847"}],"wp:attachment":[{"href":"https:\/\/galerialeme.com\/en\/wp-json\/wp\/v2\/media?parent=50857"}],"wp:term":[{"taxonomy":"category","embeddable":true,"href":"https:\/\/galerialeme.com\/en\/wp-json\/wp\/v2\/categories?post=50857"},{"taxonomy":"post_tag","embeddable":true,"href":"https:\/\/galerialeme.com\/en\/wp-json\/wp\/v2\/tags?post=50857"}],"curies":[{"name":"wp","href":"https:\/\/api.w.org\/{rel}","templated":true}]}}